{"id":108,"date":"2022-05-20T17:07:17","date_gmt":"2022-05-20T20:07:17","guid":{"rendered":"https:\/\/simplificgestao.com\/blog\/?p=108"},"modified":"2022-05-20T17:07:17","modified_gmt":"2022-05-20T20:07:17","slug":"micro-e-pequenas-empresas-geraram-empregos-durante-a-pandemia","status":"publish","type":"post","link":"https:\/\/simplificgestao.com\/blog\/2022\/05\/20\/micro-e-pequenas-empresas-geraram-empregos-durante-a-pandemia\/","title":{"rendered":"Micro e Pequenas empresas geraram empregos durante a pandemia"},"content":{"rendered":"\n<p>Das 2,7 milh\u00f5es de novas vagas de empregos criadas em 2021, cerca de 78% foram geradas por micro e pequenas empresas. <\/p>\n\n\n\n<p>De acordo com levantamento feito pelo Sebrae, com base em dados do Caged, do Minist\u00e9rio do Trabalho e Previd\u00eancia, enquanto os pequenos neg\u00f3cios foram respons\u00e1veis por 2,1 milh\u00f5es de postos de trabalho, as m\u00e9dias e grandes empresas fecharam o ano com um saldo positivo de 505,4 mil novos empregos.<\/p>\n\n\n\n<p>\u201cIsso significa dizer que a cada 40 postos de trabalho gerados no Brasil, em 2021, 31 foram criados pelas micro e pequenas empresas. <\/p>\n\n\n\n<p>Mesmo apresentando um saldo negativo em dezembro, o que geralmente ocorre nesse m\u00eas do ano, os pequenos neg\u00f3cios mostraram a import\u00e2ncia que t\u00eam para a retomada econ\u00f4mica\u201d, afirma o presidente do Sebrae, Carlos Melles. <\/p>\n\n\n\n<p>Ap\u00f3s onze meses consecutivos de saldos de contrata\u00e7\u00f5es positivos, dezembro de 2021 apresentou saldo negativo de -265.811 postos de trabalho. As m\u00e9dias e grandes empresas foram as que mais demitiram e reduziram seus quadros em 141.144 postos, seguidas pelas micro e pequenas, com uma redu\u00e7\u00e3o de 91.583.<\/p>\n\n\n\n<p>Na compara\u00e7\u00e3o entre o resultado acumulado entre os anos de 2020 e 2021, as micro e pequenas empresas criaram, quase 38 vezes mais postos de trabalho no ano passado. <\/p>\n\n\n\n<p>No primeiro ano da pandemia, o Brasil teve um saldo total negativo de -191.455 contrata\u00e7\u00f5es, apesar das micro e pequenas empresas terem apresentado um saldo positivo de mais de 56 mil empregos. O resultado ruim \u00e9 atribu\u00eddo \u00e0s m\u00e9dias e grandes, que foram respons\u00e1veis por -274.220 postos de trabalho.<\/p>\n\n\n\n<p><\/p>\n\n\n\n<ul class=\"wp-container-1 wp-block-social-links\"><li class=\"wp-social-link wp-social-link-instagram wp-block-social-link\"><a href=\"https:\/\/www.instagram.com\/simplific.gestao\/\"  class=\"wp-block-social-link-anchor\"><svg width=\"24\" height=\"24\" viewBox=\"0 0 24 24\" version=\"1.1\" xmlns=\"http:\/\/www.w3.org\/2000\/svg\" aria-hidden=\"true\" focusable=\"false\"><path d=\"M12,4.622c2.403,0,2.688,0.009,3.637,0.052c0.877,0.04,1.354,0.187,1.671,0.31c0.42,0.163,0.72,0.358,1.035,0.673 c0.315,0.315,0.51,0.615,0.673,1.035c0.123,0.317,0.27,0.794,0.31,1.671c0.043,0.949,0.052,1.234,0.052,3.637 s-0.009,2.688-0.052,3.637c-0.04,0.877-0.187,1.354-0.31,1.671c-0.163,0.42-0.358,0.72-0.673,1.035 c-0.315,0.315-0.615,0.51-1.035,0.673c-0.317,0.123-0.794,0.27-1.671,0.31c-0.949,0.043-1.233,0.052-3.637,0.052 s-2.688-0.009-3.637-0.052c-0.877-0.04-1.354-0.187-1.671-0.31c-0.42-0.163-0.72-0.358-1.035-0.673 c-0.315-0.315-0.51-0.615-0.673-1.035c-0.123-0.317-0.27-0.794-0.31-1.671C4.631,14.688,4.622,14.403,4.622,12 s0.009-2.688,0.052-3.637c0.04-0.877,0.187-1.354,0.31-1.671c0.163-0.42,0.358-0.72,0.673-1.035 c0.315-0.315,0.615-0.51,1.035-0.673c0.317-0.123,0.794-0.27,1.671-0.31C9.312,4.631,9.597,4.622,12,4.622 M12,3 C9.556,3,9.249,3.01,8.289,3.054C7.331,3.098,6.677,3.25,6.105,3.472C5.513,3.702,5.011,4.01,4.511,4.511 c-0.5,0.5-0.808,1.002-1.038,1.594C3.25,6.677,3.098,7.331,3.054,8.289C3.01,9.249,3,9.556,3,12c0,2.444,0.01,2.751,0.054,3.711 c0.044,0.958,0.196,1.612,0.418,2.185c0.23,0.592,0.538,1.094,1.038,1.594c0.5,0.5,1.002,0.808,1.594,1.038 c0.572,0.222,1.227,0.375,2.185,0.418C9.249,20.99,9.556,21,12,21s2.751-0.01,3.711-0.054c0.958-0.044,1.612-0.196,2.185-0.418 c0.592-0.23,1.094-0.538,1.594-1.038c0.5-0.5,0.808-1.002,1.038-1.594c0.222-0.572,0.375-1.227,0.418-2.185 C20.99,14.751,21,14.444,21,12s-0.01-2.751-0.054-3.711c-0.044-0.958-0.196-1.612-0.418-2.185c-0.23-0.592-0.538-1.094-1.038-1.594 c-0.5-0.5-1.002-0.808-1.594-1.038c-0.572-0.222-1.227-0.375-2.185-0.418C14.751,3.01,14.444,3,12,3L12,3z M12,7.378 c-2.552,0-4.622,2.069-4.622,4.622S9.448,16.622,12,16.622s4.622-2.069,4.622-4.622S14.552,7.378,12,7.378z M12,15 c-1.657,0-3-1.343-3-3s1.343-3,3-3s3,1.343,3,3S13.657,15,12,15z M16.804,6.116c-0.596,0-1.08,0.484-1.08,1.08 s0.484,1.08,1.08,1.08c0.596,0,1.08-0.484,1.08-1.08S17.401,6.116,16.804,6.116z\"><\/path><\/svg><span class=\"wp-block-social-link-label screen-reader-text\">Instagram<\/span><\/a><\/li>\n\n<li class=\"wp-social-link wp-social-link-facebook wp-block-social-link\"><a href=\"https:\/\/www.facebook.com\/simplificgestao\"  class=\"wp-block-social-link-anchor\"><svg width=\"24\" height=\"24\" viewBox=\"0 0 24 24\" version=\"1.1\" xmlns=\"http:\/\/www.w3.org\/2000\/svg\" aria-hidden=\"true\" focusable=\"false\"><path d=\"M12 2C6.5 2 2 6.5 2 12c0 5 3.7 9.1 8.4 9.9v-7H7.9V12h2.5V9.8c0-2.5 1.5-3.9 3.8-3.9 1.1 0 2.2.2 2.2.2v2.5h-1.3c-1.2 0-1.6.8-1.6 1.6V12h2.8l-.4 2.9h-2.3v7C18.3 21.1 22 17 22 12c0-5.5-4.5-10-10-10z\"><\/path><\/svg><span class=\"wp-block-social-link-label screen-reader-text\">Facebook<\/span><\/a><\/li><\/ul>\n\n\n\n<p class=\"has-small-font-size\"><em>Texto original: <a href=\"https:\/\/www.agenciasebrae.com.br\/sites\/asn\/uf\/NA\/pequenos-negocios-foram-responsaveis-por-cerca-de-oito-a-cada-dez-novos-empregos-criados-em-2021,94baa041b84ce710VgnVCM100000d701210aRCRD\" target=\"_blank\" rel=\"noreferrer noopener\">Ag\u00eancia Sebrae<\/a><\/em><\/p>\n","protected":false},"excerpt":{"rendered":"<p>Das 2,7 milh\u00f5es de novas vagas de empregos criadas em 2021, cerca de 78% foram geradas por micro e pequenas&#8230;<\/p>\n","protected":false},"author":1,"featured_media":109,"comment_status":"open","ping_status":"open","sticky":false,"template":"","format":"standard","meta":{"_ap_featured_post":false},"categories":[6],"tags":[16,14,15],"_links":{"self":[{"href":"https:\/\/simplificgestao.com\/blog\/wp-json\/wp\/v2\/posts\/108"}],"collection":[{"href":"https:\/\/simplificgestao.com\/blog\/wp-json\/wp\/v2\/posts"}],"about":[{"href":"https:\/\/simplificgestao.com\/blog\/wp-json\/wp\/v2\/types\/post"}],"author":[{"embeddable":true,"href":"https:\/\/simplificgestao.com\/blog\/wp-json\/wp\/v2\/users\/1"}],"replies":[{"embeddable":true,"href":"https:\/\/simplificgestao.com\/blog\/wp-json\/wp\/v2\/comments?post=108"}],"version-history":[{"count":1,"href":"https:\/\/simplificgestao.com\/blog\/wp-json\/wp\/v2\/posts\/108\/revisions"}],"predecessor-version":[{"id":110,"href":"https:\/\/simplificgestao.com\/blog\/wp-json\/wp\/v2\/posts\/108\/revisions\/110"}],"wp:featuredmedia":[{"embeddable":true,"href":"https:\/\/simplificgestao.com\/blog\/wp-json\/wp\/v2\/media\/109"}],"wp:attachment":[{"href":"https:\/\/simplificgestao.com\/blog\/wp-json\/wp\/v2\/media?parent=108"}],"wp:term":[{"taxonomy":"category","embeddable":true,"href":"https:\/\/simplificgestao.com\/blog\/wp-json\/wp\/v2\/categories?post=108"},{"taxonomy":"post_tag","embeddable":true,"href":"https:\/\/simplificgestao.com\/blog\/wp-json\/wp\/v2\/tags?post=108"}],"curies":[{"name":"wp","href":"https:\/\/api.w.org\/{rel}","templated":true}]}}